{"id":28202,"date":"2023-06-02T15:39:30","date_gmt":"2023-06-02T13:39:30","guid":{"rendered":"https:\/\/artsenscenes.fr\/aeswp\/?p=28202"},"modified":"2023-11-01T18:17:05","modified_gmt":"2023-11-01T17:17:05","slug":"festival-de-kervily-le-vent-des-peupliers","status":"publish","type":"post","link":"https:\/\/artsenscenes.fr\/aeswp\/2023\/06\/02\/festival-de-kervily-le-vent-des-peupliers\/","title":{"rendered":"Festival de Kervily &#8211; Le vent des peupliers"},"content":{"rendered":"<p><a href=\"https:\/\/artsenscenes.fr\/aeswp\/wp-content\/uploads\/2023\/06\/Affiche-Le-Vent-vierge-date-et-lieu-1.jpg\" rel=\"lightbox[28202]\"><img loading=\"lazy\" decoding=\"async\" class=\"alignleft size-medium wp-image-28203\" src=\"https:\/\/artsenscenes.fr\/aeswp\/wp-content\/uploads\/2023\/06\/Affiche-Le-Vent-vierge-date-et-lieu-1-421x600.jpg\" alt=\"\" width=\"421\" height=\"600\" data-id=\"28203\" \/><\/a><a href=\"https:\/\/artsenscenes.fr\/aeswp\/wp-content\/uploads\/2023\/06\/festival-kerhervy-lanester.jpg\" rel=\"lightbox[28202]\"><img loading=\"lazy\" decoding=\"async\" class=\"alignright size-medium wp-image-28205\" src=\"https:\/\/artsenscenes.fr\/aeswp\/wp-content\/uploads\/2023\/06\/festival-kerhervy-lanester-427x600.jpg\" alt=\"\" width=\"427\" height=\"600\" data-id=\"28205\" \/><\/a>VENDREDI 23 JUIN \u00e0 20 h<\/p>\n<p>Le Vent des peupliers De G\u00e9rald Sibleyras<\/p>\n<p>Arts en sc\u00e8ne (Vannes \u2013 56)<br \/>\nCom\u00e9die confidence<\/p>\n<p>A l\u2019hospice des arm\u00e9es, trois v\u00e9t\u00e9rans de la grande guerre occupent le temps : fanfaronnades, mensonges, agacements mutuels mais aussi r\u00eaveries et projets improbables. Humour, tendresse et humanit\u00e9 se m\u00ealent. Trois personnages tr\u00e8s attachants !<\/p>\n<p>MISE EN SC\u00c8NE Jean-Pierre Andr\u00e9<br \/>\nDUR\u00c9E 1 h 30<\/p>\n","protected":false},"excerpt":{"rendered":"<p>VENDREDI 23 JUIN \u00e0 20 h Le Vent des peupliers De G\u00e9rald Sibleyras Arts en sc\u00e8ne (Vannes \u2013 56) Com\u00e9die confidence A l\u2019hospice des arm\u00e9es, trois v\u00e9t\u00e9rans de la grande guerre occupent le temps : fanfaronnades, mensonges, agacements mutuels mais aussi r\u00eaveries et projets improbables. Humour, tendresse et humanit\u00e9 se m\u00ealent. Trois personnages tr\u00e8s attachants [&hellip;]<\/p>\n","protected":false},"author":50,"featured_media":28203,"comment_status":"open","ping_status":"open","sticky":false,"template":"","format":"standard","meta":{"_et_pb_use_builder":"","_et_pb_old_content":"","_et_gb_content_width":"","footnotes":""},"categories":[5],"tags":[],"class_list":["post-28202","post","type-post","status-publish","format-standard","has-post-thumbnail","hentry","category-projets-ou-partenariat"],"publishpress_future_action":{"enabled":false,"date":"2026-05-09 14:26:33","action":"change-status","newStatus":"draft","terms":[],"taxonomy":"category","extraData":[]},"publishpress_future_workflow_manual_trigger":{"enabledWorkflows":[]},"_links":{"self":[{"href":"https:\/\/artsenscenes.fr\/aeswp\/wp-json\/wp\/v2\/posts\/28202","targetHints":{"allow":["GET"]}}],"collection":[{"href":"https:\/\/artsenscenes.fr\/aeswp\/wp-json\/wp\/v2\/posts"}],"about":[{"href":"https:\/\/artsenscenes.fr\/aeswp\/wp-json\/wp\/v2\/types\/post"}],"author":[{"embeddable":true,"href":"https:\/\/artsenscenes.fr\/aeswp\/wp-json\/wp\/v2\/users\/50"}],"replies":[{"embeddable":true,"href":"https:\/\/artsenscenes.fr\/aeswp\/wp-json\/wp\/v2\/comments?post=28202"}],"version-history":[{"count":3,"href":"https:\/\/artsenscenes.fr\/aeswp\/wp-json\/wp\/v2\/posts\/28202\/revisions"}],"predecessor-version":[{"id":28207,"href":"https:\/\/artsenscenes.fr\/aeswp\/wp-json\/wp\/v2\/posts\/28202\/revisions\/28207"}],"wp:featuredmedia":[{"embeddable":true,"href":"https:\/\/artsenscenes.fr\/aeswp\/wp-json\/wp\/v2\/media\/28203"}],"wp:attachment":[{"href":"https:\/\/artsenscenes.fr\/aeswp\/wp-json\/wp\/v2\/media?parent=28202"}],"wp:term":[{"taxonomy":"category","embeddable":true,"href":"https:\/\/artsenscenes.fr\/aeswp\/wp-json\/wp\/v2\/categories?post=28202"},{"taxonomy":"post_tag","embeddable":true,"href":"https:\/\/artsenscenes.fr\/aeswp\/wp-json\/wp\/v2\/tags?post=28202"}],"curies":[{"name":"wp","href":"https:\/\/api.w.org\/{rel}","templated":true}]}}